{"id":10001,"date":"2008-06-21T08:04:33","date_gmt":"2008-06-21T06:04:33","guid":{"rendered":"http:\/\/www.schoene-nachrichten.de\/?p=10001"},"modified":"2008-06-21T08:04:33","modified_gmt":"2008-06-21T06:04:33","slug":"jubilaeumsfestzug-der-superlative-zum-dt-wandertag","status":"publish","type":"post","link":"https:\/\/www.fuldaernachrichten.de\/?p=10001","title":{"rendered":"Jubil\u00e4umsfestzug der Superlative zum Dt. Wandertag"},"content":{"rendered":"<p><a rel=\"lightbox[roadtrip]\" href=\"http:\/\/www.schoene-nachrichten.de\/wp-content\/uploads\/2008\/06\/saarlouis-umzug0001.jpg\" target=\"_blank\"><img decoding=\"async\" class=\"alignleft size-thumbnail wp-image-10006\" title=\"saarlouis-umzug0001\" src=\"http:\/\/www.schoene-nachrichten.de\/wp-content\/uploads\/2008\/06\/saarlouis-umzug0001-128x85.jpg\" alt=\"\" hspace=\"5\" width=\"128\" height=\"85\" align=\"left\" \/><\/a><strong>Fulda. <\/strong>Am Sonntag, dem 29.06., um 14.00 Uhr ist es soweit. Zum 125. Geburtstag des Deutschen Wanderverbandes wird sich als einer der gro\u00dfen H\u00f6hepunkte der Festwoche ein Lindwurm durch die Stra\u00dfen des Barockviertels von Fulda schl\u00e4ngeln, der Ma\u00dfst\u00e4be setzt. Traditionell formieren sich zu diesem Festzug die Vertreter der 58 deutschen Wandervereine, die bundesweit unter dem Dach des Deutschen Wanderverbandes organisiert sind.<!--more--><\/p>\n<p>Dabei reicht die Liste der teilnehmenden Vereine und Verb\u00e4nde vom Altm\u00e4rkischen Wanderverein bis zum Wiehengebirgsverband. Allein hier rechnet das Organisationsteam mit rund 7.000 Teilnehmern. Um den feierlichen Rahmen aber deutlich herauszuheben, werden auch rund 30 Blaskapellen und 27 Motivwagen sowie Motivgruppen den Festzug erg\u00e4nzen. \u201eEs ist uns ein Anliegen, mit den Motiven die Vielfalt der Stadt Fulda und des Rh\u00f6ngebirges \u2013 \u00fcber L\u00e4ndergrenzen hinweg \u2013 zu dokumentieren\u201c erl\u00e4utert Martin Kremer, Vizepr\u00e4sident des Rh\u00f6nklubs, den Ansatz. Seit einem dreiviertel Jahr hat Kremer die Planung f\u00fcr den Festzug inne und in Abstimmung mit dem Citymanager der Stadt Fulda, Joachim Janshen, vorangetrieben. \u201eWir wollen unserer Bev\u00f6lkerung und unseren G\u00e4sten etwas Besonderes bieten\u201c.<br \/>\n<strong><br \/>\nMotivwagen und Motivgruppen<\/strong><br \/>\nKremer kommt ins Schw\u00e4rmen, wenn er von den teilnehmenden Rh\u00f6ner Trachtenvereinen, den Kelten von S\u00fcnna, der Biedermeiergruppe aus Bad Bocklet oder vom Motivwagen mit der Milseburg berichtet. Aus Motten kommt ein \u00fcberdimensionierter Wanderschuh, die Juniorranger des Biosph\u00e4renreservates haben einen eigenen Wagen gestaltet und auch die Natursportgemeinde Poppenhausen ist mit einem Motivwagen dabei. Im von Pferden gezogenen Festwagen der Stadt Bad Br\u00fcckenau kann K\u00f6nig Ludwig bewundert werden und der Rh\u00f6nklub Bachrain ist in historischer Feuerwehrausstattung und einer uralten Handdruckspritze mit dabei. Neueren Datums ist der Feuerwehr-Bierl\u00f6schzug der Hochstift-Br\u00e4u.<\/p>\n<p>Aus dem Kegelspiel nehmen Motivwagen der Gemeinden Burghaun und H\u00fcnfeld im Festzug teil. Ebersburg entsendet eine mittelalterliche Schar von Rittern. Verschiedene Gruppen zeigen b\u00e4uerliches Brauchtum wie die Landfrauen aus dem Ulstertal und eine Abordnung des Freilandmuseums Fladungen. Der Bergbau der Region wird vom Bergmannsverein \u201eGl\u00fcck auf\u201c Neuhof dargestellt und auf die Deutsch-Deutsche Grenze weist der Festwagen der Stadt Geisa hin. Auch die Stadt Fulda zeigt Ausschnitte ihrer Geschichte. Mit von der Partie sind auch die Segelflieger der Wasserkuppe und die J\u00e4ger, welche vom Jagdhornbl\u00e4serkorps \u201eWeidmannsheil\u201c Florenberg unterst\u00fctzt werden.<\/p>\n<p><strong>Musik liegt in der Luft<\/strong><br \/>\nEines ist indes sicher: es wird vor allem auch ein musikalischer Festzug. Waren beim Festzug zum Deutschen Wandertag 2007 in Saarlouis gerade mal 9 Kapellen aufgeboten, so sind es in Fulda dreimal so viele. Kremer: \u201eDie Rh\u00f6n ist eine Hochburg der Blasmusik, auch dies wollen wir im festlichen Rahmen dokumentieren.\u201c Aus allen drei L\u00e4ndern kommen die teilnehmenden Kapellen, die vom Rh\u00f6nklub eingeladen wurden. Auf die musikalische Vielfalt d\u00fcrfen die G\u00e4ste gespannt sein. \u201eWir meinen, dass dieser Festzug auch f\u00fcr alle Freunde der Blasmusik ein Mu\u00df ist\u201c, so Kremer.<\/p>\n<p><strong>Festzugverlauf<\/strong><br \/>\nAnders als der Romo-Umzug am Rosenmontag beginnt der Festzug in der Unterstadt. Aufstellbereiche f\u00fcr die teilnehmenden Gruppen sind die Kronhofstra\u00dfe, Abtstor, Wilhelmstra\u00dfe und die K\u00f6nigstra\u00dfe. \u00dcber die Dybaallee f\u00fchrt der Festzug zur Friedrichstra\u00dfe und \u00fcber die Marktstra\u00dfe zum Peterstor. Weiter geht es durch die Petersgasse. Dort schwenkt der Festzug auf die Lindenstra\u00dfe ein kehrt \u00fcber die Schlossstra\u00dfe zum Dom zur\u00fcck, wo der Zug endet. Rund zweieinhalb Kilometer ist der Zug lang. Vor dem Stadtschloss wird eine Ehrentrib\u00fcne mit einer Sprecherstelle errichtet. Besucher und Teilnehmer sind eingeladen, den Tag auf der Festmeile Pauluspromenade oder auf dem Domplatz ausklingen zu lassen.<\/p>\n<p><strong>Logistik<\/strong><br \/>\nHinter der Organisation dieses Festzuges verbirgt sich, weitgehend unbemerkt, ein H\u00f6chstma\u00df an Organisation. Bis zu 70 Sanit\u00e4tskr\u00e4fte werden f\u00fcr schnelle Hilfeleistungen vorgehalten, Zufahrten f\u00fcr Rettungskr\u00e4fte und Parkraum gilt es freizuhalten. Der Verkehr ist umzuleiten und die Versorgung der G\u00e4ste muss sichergestellt werden. Ehrentrib\u00fcne, Beschallung und der Einsatz von Ordnungsdiensten erfordern Aufwand, Geld und engagierte Helfer. In diesem Zusammenhang dankt der Rh\u00f6nklub der Stadt f\u00fcr die hervorragende Unterst\u00fctzung und allen ehrenamtlichen Helfern. Um ausreichend Parkraum bereitzuhalten, stehen w\u00e4hrend des Festzuges alle Parkh\u00e4user der Stadt kostenfrei zur Verf\u00fcgung.<\/p>\n<p>\u201eJetzt hoffen wir auf sch\u00f6nes Wetter, viele tausend Besucher und eine tolle Stimmung. Schlie\u00dflich sollen die Wanderer aus allen Ecken Deutschlands die Gewissheit mit nach Hause nehmen, dass sie zu Gast bei Freunden waren. Und nat\u00fcrlich soll es auch ein Fest f\u00fcr Fulda und die Rh\u00f6n werden!\u201c umschreibt der Vizepr\u00e4sident Martin Kremer seine Vision.<\/p>\n","protected":false},"excerpt":{"rendered":"<div class=\"tmnf_excerpt\"><p>Fulda. Am Sonntag, dem 29.06., um 14.00 Uhr ist es soweit. Zum 125. Geburtstag des Deutschen Wanderverbandes wird sich als einer der gro\u00dfen H\u00f6hepunkte der Festwoche ein Lindwurm durch die Stra\u00dfen des Barockviertels von Fulda schl\u00e4ngeln, der Ma\u00dfst\u00e4be setzt. Traditionell formieren sich zu diesem Festzug die Vertreter der 58 deutschen Wandervereine, die bundesweit unter dem &hellip;<\/p>\n<\/div>","protected":false},"author":1,"featured_media":0,"comment_status":"closed","ping_status":"closed","sticky":false,"template":"","format":"standard","meta":{"footnotes":""},"categories":[1,44],"tags":[],"class_list":["post-10001","post","type-post","status-publish","format-standard","hentry","category-startseite","category-kultur"],"_links":{"self":[{"href":"https:\/\/www.fuldaernachrichten.de\/index.php?rest_route=\/wp\/v2\/posts\/10001","targetHints":{"allow":["GET"]}}],"collection":[{"href":"https:\/\/www.fuldaernachrichten.de\/index.php?rest_route=\/wp\/v2\/posts"}],"about":[{"href":"https:\/\/www.fuldaernachrichten.de\/index.php?rest_route=\/wp\/v2\/types\/post"}],"author":[{"embeddable":true,"href":"https:\/\/www.fuldaernachrichten.de\/index.php?rest_route=\/wp\/v2\/users\/1"}],"replies":[{"embeddable":true,"href":"https:\/\/www.fuldaernachrichten.de\/index.php?rest_route=%2Fwp%2Fv2%2Fcomments&post=10001"}],"version-history":[{"count":0,"href":"https:\/\/www.fuldaernachrichten.de\/index.php?rest_route=\/wp\/v2\/posts\/10001\/revisions"}],"wp:attachment":[{"href":"https:\/\/www.fuldaernachrichten.de\/index.php?rest_route=%2Fwp%2Fv2%2Fmedia&parent=10001"}],"wp:term":[{"taxonomy":"category","embeddable":true,"href":"https:\/\/www.fuldaernachrichten.de\/index.php?rest_route=%2Fwp%2Fv2%2Fcategories&post=10001"},{"taxonomy":"post_tag","embeddable":true,"href":"https:\/\/www.fuldaernachrichten.de\/index.php?rest_route=%2Fwp%2Fv2%2Ftags&post=10001"}],"curies":[{"name":"wp","href":"https:\/\/api.w.org\/{rel}","templated":true}]}}