{"id":10000,"date":"2008-06-22T07:27:07","date_gmt":"2008-06-22T05:27:07","guid":{"rendered":"http:\/\/www.schoene-nachrichten.de\/?p=10000"},"modified":"2008-06-22T07:27:07","modified_gmt":"2008-06-22T05:27:07","slug":"ausstellung-von-marianna-oswald-im-groenhoff-haus","status":"publish","type":"post","link":"https:\/\/www.fuldaernachrichten.de\/?p=10000","title":{"rendered":"Ausstellung von Marianna Oswald im Groenhoff-Haus"},"content":{"rendered":"<p><a rel=\"lightbox[roadtrip]\" href=\"http:\/\/www.schoene-nachrichten.de\/wp-content\/uploads\/2008\/06\/puez001.jpg\" target=\"_blank\"><img decoding=\"async\" class=\"alignleft size-thumbnail wp-image-10025\" title=\"puez001\" src=\"http:\/\/www.schoene-nachrichten.de\/wp-content\/uploads\/2008\/06\/puez001-128x85.jpg\" alt=\"\" hspace=\"5\" width=\"128\" height=\"85\" align=\"left\" \/><\/a><strong>Wasserkuppe.<\/strong> Die Fotodesignerin Marianna Oswald, welche als freie Fotodesignerin mit Schwerpunkt Natur- und Landschaftsfotografie arbeitete, zeigt in 210 Fotografien und erl\u00e4uternden Texten, die auch in Heftform erh\u00e4ltlich sind, Ausschnitte aus Landschaft, Natur, Geologie und Leben in den Brixener Dolomiten \u2013 \u00f6stlich des Eisacktals: das Villn\u00f6sstal (aus dem Reinhold Messner stammt), die Geislergruppe mit dem Adolf-Munkel-Weg, einem der sch\u00f6nsten Wanderwege in den Dolomiten, die Aferer Geisler mit dem Peitlerkofel, das Langental und die Alpe Rasch\u00f6tz auf der Gr\u00f6dner Seite und das ladinische Campilltal. Die Er\u00f6ffnung der Ausstellung findet am Samstag, 5. Juli 2008, 17.00 Uhr, im Groenhoff-Haus Wasserkuppe statt.<\/p>\n","protected":false},"excerpt":{"rendered":"<div class=\"tmnf_excerpt\"><p>Wasserkuppe. Die Fotodesignerin Marianna Oswald, welche als freie Fotodesignerin mit Schwerpunkt Natur- und Landschaftsfotografie arbeitete, zeigt in 210 Fotografien und erl\u00e4uternden Texten, die auch in Heftform erh\u00e4ltlich sind, Ausschnitte aus Landschaft, Natur, Geologie und Leben in den Brixener Dolomiten \u2013 \u00f6stlich des Eisacktals: das Villn\u00f6sstal (aus dem Reinhold Messner stammt), die Geislergruppe mit dem Adolf-Munkel-Weg, &hellip;<\/p>\n<\/div>","protected":false},"author":1,"featured_media":0,"comment_status":"closed","ping_status":"closed","sticky":false,"template":"","format":"standard","meta":{"footnotes":""},"categories":[1],"tags":[],"class_list":["post-10000","post","type-post","status-publish","format-standard","hentry","category-startseite"],"_links":{"self":[{"href":"https:\/\/www.fuldaernachrichten.de\/index.php?rest_route=\/wp\/v2\/posts\/10000","targetHints":{"allow":["GET"]}}],"collection":[{"href":"https:\/\/www.fuldaernachrichten.de\/index.php?rest_route=\/wp\/v2\/posts"}],"about":[{"href":"https:\/\/www.fuldaernachrichten.de\/index.php?rest_route=\/wp\/v2\/types\/post"}],"author":[{"embeddable":true,"href":"https:\/\/www.fuldaernachrichten.de\/index.php?rest_route=\/wp\/v2\/users\/1"}],"replies":[{"embeddable":true,"href":"https:\/\/www.fuldaernachrichten.de\/index.php?rest_route=%2Fwp%2Fv2%2Fcomments&post=10000"}],"version-history":[{"count":0,"href":"https:\/\/www.fuldaernachrichten.de\/index.php?rest_route=\/wp\/v2\/posts\/10000\/revisions"}],"wp:attachment":[{"href":"https:\/\/www.fuldaernachrichten.de\/index.php?rest_route=%2Fwp%2Fv2%2Fmedia&parent=10000"}],"wp:term":[{"taxonomy":"category","embeddable":true,"href":"https:\/\/www.fuldaernachrichten.de\/index.php?rest_route=%2Fwp%2Fv2%2Fcategories&post=10000"},{"taxonomy":"post_tag","embeddable":true,"href":"https:\/\/www.fuldaernachrichten.de\/index.php?rest_route=%2Fwp%2Fv2%2Ftags&post=10000"}],"curies":[{"name":"wp","href":"https:\/\/api.w.org\/{rel}","templated":true}]}}